{"id":16456,"date":"2025-11-17T11:12:43","date_gmt":"2025-11-17T10:12:43","guid":{"rendered":"https:\/\/jungo.eu\/?p=16456"},"modified":"2025-11-17T16:24:35","modified_gmt":"2025-11-17T15:24:35","slug":"la-jungo-3-0-au-salon-des-maires-2025","status":"publish","type":"post","link":"https:\/\/jungo.eu\/fr\/actualites\/la-jungo-3-0-au-salon-des-maires-2025\/","title":{"rendered":"La Jungo 3.0 au Salon des Maires 2025"},"content":{"rendered":"\t\t<div data-elementor-type=\"wp-post\" data-elementor-id=\"16456\" class=\"elementor elementor-16456\" data-elementor-post-type=\"post\">\n\t\t\t\t\t\t<section class=\"elementor-section elementor-top-section elementor-element elementor-element-e9a5a7b elementor-section-boxed elementor-section-height-default elementor-section-height-default\" data-id=\"e9a5a7b\" data-element_type=\"section\" data-e-type=\"section\">\n\t\t\t\t\t\t<div class=\"elementor-container elementor-column-gap-default\">\n\t\t\t\t\t<div class=\"elementor-column elementor-col-100 elementor-top-column elementor-element elementor-element-effe6db\" data-id=\"effe6db\" data-element_type=\"column\" data-e-type=\"column\">\n\t\t\t<div class=\"elementor-widget-wrap elementor-element-populated\">\n\t\t\t\t\t\t<div class=\"elementor-element elementor-element-a7cd329 elementor-widget elementor-widget-text-editor\" data-id=\"a7cd329\" data-element_type=\"widget\" data-e-type=\"widget\" data-widget_type=\"text-editor.default\">\n\t\t\t\t<div class=\"elementor-widget-container\">\n\t\t\t\t\t\t\t\t\t<p>Venez nous rencontrer au\u00a0<strong>Salon des Maires 2025 \u00e0 Paris<\/strong>\u00a0et d\u00e9couvrez en direct la\u00a0<strong>Jungo 3.0, notre balayeuse 100 % \u00e9lectrique<\/strong>\u00a0:<br \/><strong>19\u201321 novembre | Pavillon 3 \u2013 Stand A84.<\/strong><\/p><p>La Jungo 3.0 se distingue par :<\/p><ol><li>Un fonctionnement sans \u00e9mission et silencieux<\/li><li>Une longue dur\u00e9e d\u2019utilisation<\/li><li><strong>Aucun temps d\u2019arr\u00eat pour la recharge : le syst\u00e8me de batteries interchangeables assure une disponibilit\u00e9 maximale<\/strong><\/li><li>Une forte puissance d\u2019aspiration<\/li><li>Une utilisation polyvalente toute l\u2019ann\u00e9e gr\u00e2ce au syst\u00e8me brevet\u00e9 de changement rapide des modules et \u00e0 la transmission int\u00e9grale intelligente<\/li><li>Des co\u00fbts d\u2019exploitation r\u00e9duits<\/li><\/ol><p>En parall\u00e8le, nous c\u00e9l\u00e9brons une \u00e9tape importante :<br \/>Le\u00a0<strong>lancement de la production de la Jungo 3.0 dans notre nouvelle usine de Karben (Allemagne)<\/strong>\u00a0renforce notre proximit\u00e9 avec le march\u00e9 europ\u00e9en et garantit une qualit\u00e9 de fabrication optimale.<\/p><p>Nous serons ravis de vous accueillir au Salon des Maires 2025.<\/p>\t\t\t\t\t\t\t\t<\/div>\n\t\t\t\t<\/div>\n\t\t\t\t\t<\/div>\n\t\t<\/div>\n\t\t\t\t\t<\/div>\n\t\t<\/section>\n\t\t\t\t<\/div>\n\t\t","protected":false},"excerpt":{"rendered":"<p>Venez nous rencontrer au\u00a0Salon des Maires 2025 \u00e0 Paris\u00a0et d\u00e9couvrez en direct la\u00a0Jungo 3.0, notre balayeuse 100 % \u00e9lectrique\u00a0:19\u201321 novembre | Pavillon 3 \u2013 Stand A84. La Jungo 3.0 se distingue par : Un fonctionnement sans \u00e9mission et silencieux Une longue dur\u00e9e d\u2019utilisation Aucun temps d\u2019arr\u00eat pour la recharge : le syst\u00e8me de batteries interchangeables&hellip;<\/p>\n","protected":false},"author":1,"featured_media":16461,"comment_status":"closed","ping_status":"open","sticky":false,"template":"","format":"standard","meta":{"footnotes":""},"categories":[25],"tags":[],"class_list":["post-16456","post","type-post","status-publish","format-standard","has-post-thumbnail","hentry","category-aktuelles"],"yoast_head":"<!-- This site is optimized with the Yoast SEO plugin v27.5 - https:\/\/yoast.com\/product\/yoast-seo-wordpress\/ -->\n<title>La Jungo 3.0 au Salon des Maires 2025<\/title>\n<meta name=\"description\" content=\"Venez nous rencontrer au Salon des Maires 2025 \u00e0 Paris et d\u00e9couvrez en direct la Jungo 3.0, notre balayeuse 100 % \u00e9lectrique :19\u201321 novembre | Pavillon 3 \u2013 Stand A84.\" \/>\n<meta name=\"robots\" content=\"index, follow, max-snippet:-1, max-image-preview:large, max-video-preview:-1\" \/>\n<link rel=\"canonical\" href=\"https:\/\/jungo.eu\/fr\/actualites\/la-jungo-3-0-au-salon-des-maires-2025\/\" \/>\n<meta property=\"og:locale\" content=\"fr_FR\" \/>\n<meta property=\"og:type\" content=\"article\" \/>\n<meta property=\"og:title\" content=\"La Jungo 3.0 au Salon des Maires 2025\" \/>\n<meta property=\"og:description\" content=\"Venez nous rencontrer au Salon des Maires 2025 \u00e0 Paris et d\u00e9couvrez en direct la Jungo 3.0, notre balayeuse 100 % \u00e9lectrique :19\u201321 novembre | Pavillon 3 \u2013 Stand A84.\" \/>\n<meta property=\"og:url\" content=\"https:\/\/jungo.eu\/fr\/actualites\/la-jungo-3-0-au-salon-des-maires-2025\/\" \/>\n<meta property=\"og:site_name\" content=\"Jungo\" \/>\n<meta property=\"article:published_time\" content=\"2025-11-17T10:12:43+00:00\" \/>\n<meta property=\"article:modified_time\" content=\"2025-11-17T15:24:35+00:00\" \/>\n<meta property=\"og:image\" content=\"https:\/\/jungo.eu\/wp-content\/uploads\/2025\/11\/salon-des-maires-2025.jpg\" \/>\n\t<meta property=\"og:image:width\" content=\"800\" \/>\n\t<meta property=\"og:image:height\" content=\"600\" \/>\n\t<meta property=\"og:image:type\" content=\"image\/jpeg\" \/>\n<meta name=\"author\" content=\"adminjungo\" \/>\n<meta name=\"twitter:card\" content=\"summary_large_image\" \/>\n<meta name=\"twitter:label1\" content=\"\u00c9crit par\" \/>\n\t<meta name=\"twitter:data1\" content=\"adminjungo\" \/>\n\t<meta name=\"twitter:label2\" content=\"Dur\u00e9e de lecture estim\u00e9e\" \/>\n\t<meta name=\"twitter:data2\" content=\"1 minute\" \/>\n<script type=\"application\/ld+json\" class=\"yoast-schema-graph\">{\"@context\":\"https:\\\/\\\/schema.org\",\"@graph\":[{\"@type\":\"Article\",\"@id\":\"https:\\\/\\\/jungo.eu\\\/fr\\\/actualites\\\/la-jungo-3-0-au-salon-des-maires-2025\\\/#article\",\"isPartOf\":{\"@id\":\"https:\\\/\\\/jungo.eu\\\/fr\\\/actualites\\\/la-jungo-3-0-au-salon-des-maires-2025\\\/\"},\"author\":{\"name\":\"adminjungo\",\"@id\":\"https:\\\/\\\/jungo.eu\\\/fr\\\/#\\\/schema\\\/person\\\/8ad1cabe80a19190d179731c6af941d1\"},\"headline\":\"La Jungo 3.0 au Salon des Maires 2025\",\"datePublished\":\"2025-11-17T10:12:43+00:00\",\"dateModified\":\"2025-11-17T15:24:35+00:00\",\"mainEntityOfPage\":{\"@id\":\"https:\\\/\\\/jungo.eu\\\/fr\\\/actualites\\\/la-jungo-3-0-au-salon-des-maires-2025\\\/\"},\"wordCount\":149,\"publisher\":{\"@id\":\"https:\\\/\\\/jungo.eu\\\/fr\\\/#organization\"},\"image\":{\"@id\":\"https:\\\/\\\/jungo.eu\\\/fr\\\/actualites\\\/la-jungo-3-0-au-salon-des-maires-2025\\\/#primaryimage\"},\"thumbnailUrl\":\"https:\\\/\\\/jungo.eu\\\/wp-content\\\/uploads\\\/2025\\\/11\\\/salon-des-maires-2025.jpg\",\"articleSection\":[\"Aktuelles\"],\"inLanguage\":\"fr-FR\"},{\"@type\":\"WebPage\",\"@id\":\"https:\\\/\\\/jungo.eu\\\/fr\\\/actualites\\\/la-jungo-3-0-au-salon-des-maires-2025\\\/\",\"url\":\"https:\\\/\\\/jungo.eu\\\/fr\\\/actualites\\\/la-jungo-3-0-au-salon-des-maires-2025\\\/\",\"name\":\"La Jungo 3.0 au Salon des Maires 2025\",\"isPartOf\":{\"@id\":\"https:\\\/\\\/jungo.eu\\\/fr\\\/#website\"},\"primaryImageOfPage\":{\"@id\":\"https:\\\/\\\/jungo.eu\\\/fr\\\/actualites\\\/la-jungo-3-0-au-salon-des-maires-2025\\\/#primaryimage\"},\"image\":{\"@id\":\"https:\\\/\\\/jungo.eu\\\/fr\\\/actualites\\\/la-jungo-3-0-au-salon-des-maires-2025\\\/#primaryimage\"},\"thumbnailUrl\":\"https:\\\/\\\/jungo.eu\\\/wp-content\\\/uploads\\\/2025\\\/11\\\/salon-des-maires-2025.jpg\",\"datePublished\":\"2025-11-17T10:12:43+00:00\",\"dateModified\":\"2025-11-17T15:24:35+00:00\",\"description\":\"Venez nous rencontrer au Salon des Maires 2025 \u00e0 Paris et d\u00e9couvrez en direct la Jungo 3.0, notre balayeuse 100 % \u00e9lectrique :19\u201321 novembre | Pavillon 3 \u2013 Stand A84.\",\"breadcrumb\":{\"@id\":\"https:\\\/\\\/jungo.eu\\\/fr\\\/actualites\\\/la-jungo-3-0-au-salon-des-maires-2025\\\/#breadcrumb\"},\"inLanguage\":\"fr-FR\",\"potentialAction\":[{\"@type\":\"ReadAction\",\"target\":[\"https:\\\/\\\/jungo.eu\\\/fr\\\/actualites\\\/la-jungo-3-0-au-salon-des-maires-2025\\\/\"]}]},{\"@type\":\"ImageObject\",\"inLanguage\":\"fr-FR\",\"@id\":\"https:\\\/\\\/jungo.eu\\\/fr\\\/actualites\\\/la-jungo-3-0-au-salon-des-maires-2025\\\/#primaryimage\",\"url\":\"https:\\\/\\\/jungo.eu\\\/wp-content\\\/uploads\\\/2025\\\/11\\\/salon-des-maires-2025.jpg\",\"contentUrl\":\"https:\\\/\\\/jungo.eu\\\/wp-content\\\/uploads\\\/2025\\\/11\\\/salon-des-maires-2025.jpg\",\"width\":800,\"height\":600,\"caption\":\"Salon des Maires 2025\"},{\"@type\":\"BreadcrumbList\",\"@id\":\"https:\\\/\\\/jungo.eu\\\/fr\\\/actualites\\\/la-jungo-3-0-au-salon-des-maires-2025\\\/#breadcrumb\",\"itemListElement\":[{\"@type\":\"ListItem\",\"position\":1,\"name\":\"Accueil\",\"item\":\"https:\\\/\\\/jungo.eu\\\/fr\\\/\"},{\"@type\":\"ListItem\",\"position\":2,\"name\":\"La Jungo 3.0 au Salon des Maires 2025\"}]},{\"@type\":\"WebSite\",\"@id\":\"https:\\\/\\\/jungo.eu\\\/fr\\\/#website\",\"url\":\"https:\\\/\\\/jungo.eu\\\/fr\\\/\",\"name\":\"Jungo\",\"description\":\"\",\"publisher\":{\"@id\":\"https:\\\/\\\/jungo.eu\\\/fr\\\/#organization\"},\"potentialAction\":[{\"@type\":\"SearchAction\",\"target\":{\"@type\":\"EntryPoint\",\"urlTemplate\":\"https:\\\/\\\/jungo.eu\\\/fr\\\/?s={search_term_string}\"},\"query-input\":{\"@type\":\"PropertyValueSpecification\",\"valueRequired\":true,\"valueName\":\"search_term_string\"}}],\"inLanguage\":\"fr-FR\"},{\"@type\":\"Organization\",\"@id\":\"https:\\\/\\\/jungo.eu\\\/fr\\\/#organization\",\"name\":\"Jungo\",\"url\":\"https:\\\/\\\/jungo.eu\\\/fr\\\/\",\"logo\":{\"@type\":\"ImageObject\",\"inLanguage\":\"fr-FR\",\"@id\":\"https:\\\/\\\/jungo.eu\\\/fr\\\/#\\\/schema\\\/logo\\\/image\\\/\",\"url\":\"https:\\\/\\\/jungo.eu\\\/wp-content\\\/uploads\\\/2021\\\/05\\\/logo-jungo-250.png\",\"contentUrl\":\"https:\\\/\\\/jungo.eu\\\/wp-content\\\/uploads\\\/2021\\\/05\\\/logo-jungo-250.png\",\"width\":250,\"height\":142,\"caption\":\"Jungo\"},\"image\":{\"@id\":\"https:\\\/\\\/jungo.eu\\\/fr\\\/#\\\/schema\\\/logo\\\/image\\\/\"}},{\"@type\":\"Person\",\"@id\":\"https:\\\/\\\/jungo.eu\\\/fr\\\/#\\\/schema\\\/person\\\/8ad1cabe80a19190d179731c6af941d1\",\"name\":\"adminjungo\",\"image\":{\"@type\":\"ImageObject\",\"inLanguage\":\"fr-FR\",\"@id\":\"https:\\\/\\\/secure.gravatar.com\\\/avatar\\\/804de6de748e2cde3732ddad98c90c0e388e8a6613aa7dd72f880e8eb2f95317?s=96&d=mm&r=g\",\"url\":\"https:\\\/\\\/secure.gravatar.com\\\/avatar\\\/804de6de748e2cde3732ddad98c90c0e388e8a6613aa7dd72f880e8eb2f95317?s=96&d=mm&r=g\",\"contentUrl\":\"https:\\\/\\\/secure.gravatar.com\\\/avatar\\\/804de6de748e2cde3732ddad98c90c0e388e8a6613aa7dd72f880e8eb2f95317?s=96&d=mm&r=g\",\"caption\":\"adminjungo\"},\"sameAs\":[\"https:\\\/\\\/jungo.eu\"]}]}<\/script>\n<!-- \/ Yoast SEO plugin. -->","yoast_head_json":{"title":"La Jungo 3.0 au Salon des Maires 2025","description":"Venez nous rencontrer au Salon des Maires 2025 \u00e0 Paris et d\u00e9couvrez en direct la Jungo 3.0, notre balayeuse 100 % \u00e9lectrique :19\u201321 novembre | Pavillon 3 \u2013 Stand A84.","robots":{"index":"index","follow":"follow","max-snippet":"max-snippet:-1","max-image-preview":"max-image-preview:large","max-video-preview":"max-video-preview:-1"},"canonical":"https:\/\/jungo.eu\/fr\/actualites\/la-jungo-3-0-au-salon-des-maires-2025\/","og_locale":"fr_FR","og_type":"article","og_title":"La Jungo 3.0 au Salon des Maires 2025","og_description":"Venez nous rencontrer au Salon des Maires 2025 \u00e0 Paris et d\u00e9couvrez en direct la Jungo 3.0, notre balayeuse 100 % \u00e9lectrique :19\u201321 novembre | Pavillon 3 \u2013 Stand A84.","og_url":"https:\/\/jungo.eu\/fr\/actualites\/la-jungo-3-0-au-salon-des-maires-2025\/","og_site_name":"Jungo","article_published_time":"2025-11-17T10:12:43+00:00","article_modified_time":"2025-11-17T15:24:35+00:00","og_image":[{"width":800,"height":600,"url":"https:\/\/jungo.eu\/wp-content\/uploads\/2025\/11\/salon-des-maires-2025.jpg","type":"image\/jpeg"}],"author":"adminjungo","twitter_card":"summary_large_image","twitter_misc":{"\u00c9crit par":"adminjungo","Dur\u00e9e de lecture estim\u00e9e":"1 minute"},"schema":{"@context":"https:\/\/schema.org","@graph":[{"@type":"Article","@id":"https:\/\/jungo.eu\/fr\/actualites\/la-jungo-3-0-au-salon-des-maires-2025\/#article","isPartOf":{"@id":"https:\/\/jungo.eu\/fr\/actualites\/la-jungo-3-0-au-salon-des-maires-2025\/"},"author":{"name":"adminjungo","@id":"https:\/\/jungo.eu\/fr\/#\/schema\/person\/8ad1cabe80a19190d179731c6af941d1"},"headline":"La Jungo 3.0 au Salon des Maires 2025","datePublished":"2025-11-17T10:12:43+00:00","dateModified":"2025-11-17T15:24:35+00:00","mainEntityOfPage":{"@id":"https:\/\/jungo.eu\/fr\/actualites\/la-jungo-3-0-au-salon-des-maires-2025\/"},"wordCount":149,"publisher":{"@id":"https:\/\/jungo.eu\/fr\/#organization"},"image":{"@id":"https:\/\/jungo.eu\/fr\/actualites\/la-jungo-3-0-au-salon-des-maires-2025\/#primaryimage"},"thumbnailUrl":"https:\/\/jungo.eu\/wp-content\/uploads\/2025\/11\/salon-des-maires-2025.jpg","articleSection":["Aktuelles"],"inLanguage":"fr-FR"},{"@type":"WebPage","@id":"https:\/\/jungo.eu\/fr\/actualites\/la-jungo-3-0-au-salon-des-maires-2025\/","url":"https:\/\/jungo.eu\/fr\/actualites\/la-jungo-3-0-au-salon-des-maires-2025\/","name":"La Jungo 3.0 au Salon des Maires 2025","isPartOf":{"@id":"https:\/\/jungo.eu\/fr\/#website"},"primaryImageOfPage":{"@id":"https:\/\/jungo.eu\/fr\/actualites\/la-jungo-3-0-au-salon-des-maires-2025\/#primaryimage"},"image":{"@id":"https:\/\/jungo.eu\/fr\/actualites\/la-jungo-3-0-au-salon-des-maires-2025\/#primaryimage"},"thumbnailUrl":"https:\/\/jungo.eu\/wp-content\/uploads\/2025\/11\/salon-des-maires-2025.jpg","datePublished":"2025-11-17T10:12:43+00:00","dateModified":"2025-11-17T15:24:35+00:00","description":"Venez nous rencontrer au Salon des Maires 2025 \u00e0 Paris et d\u00e9couvrez en direct la Jungo 3.0, notre balayeuse 100 % \u00e9lectrique :19\u201321 novembre | Pavillon 3 \u2013 Stand A84.","breadcrumb":{"@id":"https:\/\/jungo.eu\/fr\/actualites\/la-jungo-3-0-au-salon-des-maires-2025\/#breadcrumb"},"inLanguage":"fr-FR","potentialAction":[{"@type":"ReadAction","target":["https:\/\/jungo.eu\/fr\/actualites\/la-jungo-3-0-au-salon-des-maires-2025\/"]}]},{"@type":"ImageObject","inLanguage":"fr-FR","@id":"https:\/\/jungo.eu\/fr\/actualites\/la-jungo-3-0-au-salon-des-maires-2025\/#primaryimage","url":"https:\/\/jungo.eu\/wp-content\/uploads\/2025\/11\/salon-des-maires-2025.jpg","contentUrl":"https:\/\/jungo.eu\/wp-content\/uploads\/2025\/11\/salon-des-maires-2025.jpg","width":800,"height":600,"caption":"Salon des Maires 2025"},{"@type":"BreadcrumbList","@id":"https:\/\/jungo.eu\/fr\/actualites\/la-jungo-3-0-au-salon-des-maires-2025\/#breadcrumb","itemListElement":[{"@type":"ListItem","position":1,"name":"Accueil","item":"https:\/\/jungo.eu\/fr\/"},{"@type":"ListItem","position":2,"name":"La Jungo 3.0 au Salon des Maires 2025"}]},{"@type":"WebSite","@id":"https:\/\/jungo.eu\/fr\/#website","url":"https:\/\/jungo.eu\/fr\/","name":"Jungo","description":"","publisher":{"@id":"https:\/\/jungo.eu\/fr\/#organization"},"potentialAction":[{"@type":"SearchAction","target":{"@type":"EntryPoint","urlTemplate":"https:\/\/jungo.eu\/fr\/?s={search_term_string}"},"query-input":{"@type":"PropertyValueSpecification","valueRequired":true,"valueName":"search_term_string"}}],"inLanguage":"fr-FR"},{"@type":"Organization","@id":"https:\/\/jungo.eu\/fr\/#organization","name":"Jungo","url":"https:\/\/jungo.eu\/fr\/","logo":{"@type":"ImageObject","inLanguage":"fr-FR","@id":"https:\/\/jungo.eu\/fr\/#\/schema\/logo\/image\/","url":"https:\/\/jungo.eu\/wp-content\/uploads\/2021\/05\/logo-jungo-250.png","contentUrl":"https:\/\/jungo.eu\/wp-content\/uploads\/2021\/05\/logo-jungo-250.png","width":250,"height":142,"caption":"Jungo"},"image":{"@id":"https:\/\/jungo.eu\/fr\/#\/schema\/logo\/image\/"}},{"@type":"Person","@id":"https:\/\/jungo.eu\/fr\/#\/schema\/person\/8ad1cabe80a19190d179731c6af941d1","name":"adminjungo","image":{"@type":"ImageObject","inLanguage":"fr-FR","@id":"https:\/\/secure.gravatar.com\/avatar\/804de6de748e2cde3732ddad98c90c0e388e8a6613aa7dd72f880e8eb2f95317?s=96&d=mm&r=g","url":"https:\/\/secure.gravatar.com\/avatar\/804de6de748e2cde3732ddad98c90c0e388e8a6613aa7dd72f880e8eb2f95317?s=96&d=mm&r=g","contentUrl":"https:\/\/secure.gravatar.com\/avatar\/804de6de748e2cde3732ddad98c90c0e388e8a6613aa7dd72f880e8eb2f95317?s=96&d=mm&r=g","caption":"adminjungo"},"sameAs":["https:\/\/jungo.eu"]}]}},"_links":{"self":[{"href":"https:\/\/jungo.eu\/fr\/wp-json\/wp\/v2\/posts\/16456","targetHints":{"allow":["GET"]}}],"collection":[{"href":"https:\/\/jungo.eu\/fr\/wp-json\/wp\/v2\/posts"}],"about":[{"href":"https:\/\/jungo.eu\/fr\/wp-json\/wp\/v2\/types\/post"}],"author":[{"embeddable":true,"href":"https:\/\/jungo.eu\/fr\/wp-json\/wp\/v2\/users\/1"}],"replies":[{"embeddable":true,"href":"https:\/\/jungo.eu\/fr\/wp-json\/wp\/v2\/comments?post=16456"}],"version-history":[{"count":7,"href":"https:\/\/jungo.eu\/fr\/wp-json\/wp\/v2\/posts\/16456\/revisions"}],"predecessor-version":[{"id":16464,"href":"https:\/\/jungo.eu\/fr\/wp-json\/wp\/v2\/posts\/16456\/revisions\/16464"}],"wp:featuredmedia":[{"embeddable":true,"href":"https:\/\/jungo.eu\/fr\/wp-json\/wp\/v2\/media\/16461"}],"wp:attachment":[{"href":"https:\/\/jungo.eu\/fr\/wp-json\/wp\/v2\/media?parent=16456"}],"wp:term":[{"taxonomy":"category","embeddable":true,"href":"https:\/\/jungo.eu\/fr\/wp-json\/wp\/v2\/categories?post=16456"},{"taxonomy":"post_tag","embeddable":true,"href":"https:\/\/jungo.eu\/fr\/wp-json\/wp\/v2\/tags?post=16456"}],"curies":[{"name":"wp","href":"https:\/\/api.w.org\/{rel}","templated":true}]}}